{"id":1367,"date":"2020-06-29T23:09:55","date_gmt":"2020-06-29T21:09:55","guid":{"rendered":"http:\/\/tonsberg.katolsk.no\/?p=1367"},"modified":"2020-06-30T10:04:21","modified_gmt":"2020-06-30T08:04:21","slug":"ny-facebooklosning-for-st-olav-menighet","status":"publish","type":"post","link":"https:\/\/tonsberg.katolsk.no\/index.php\/2020\/06\/29\/ny-facebooklosning-for-st-olav-menighet\/","title":{"rendered":"Ny facebookl\u00f8sning for St. Olav menighet"},"content":{"rendered":"<p>Menighetsr\u00e5det har bestemt at St. Olav menighet skal g\u00e5 over fra en intern, lukket facebook<em>gruppe<\/em> \u2013 slik vi har hatt s\u00e5 langt \u2013 til en \u00e5pen facebook<em>side<\/em>. Det som publiseres i en intern gruppe kan bare sees av dem som er medlemmer, men p\u00e5 en \u00e5pen side kan alle som bruker internett se det som publiseres, selv de som ikke ellers bruker Facebook. De fleste katolske menigheter har n\u00e5 \u00e5pne facebooksider, og det er gledelig at St. Olav menighet fra 28. juni 2020 ogs\u00e5 har det. G\u00e5 til facebooksiden <a href=\"https:\/\/www.facebook.com\/St-Olav-menighet-T%C3%B8nsberg-106260347814566\/\">her<\/a>.<\/p>\n<p><strong>I forbindelse med overgangen til ny facebookl\u00f8sning vil menighetsr\u00e5det rette en stor takk til Christian Christiansen som helt siden starten i 2015 har lagt ned mye arbeid i \u00e5 administrere gruppen som mange har satt stor pris p\u00e5.<\/strong><\/p>\n<p>I tillegg til at alle som bruker internett kan finne den nye facebooksiden, kan f\u00f8lgende forskjeller og fordeler nevnes:<br \/>\n&#8211; I stedet for \u00e5 v\u00e6re medlem\u00a0<span data-contrast=\"auto\">av en gruppe, som i den gamle l\u00f8sningen, kan en \u00ablike\u00bb den nye facebooksiden og \u00abf\u00f8lge\u00bb den ved \u00e5 trykke p\u00e5 knappene under sidens hovedbilde. Da f\u00e5r en varsler n\u00e5r noe publiseres.<\/span><span data-contrast=\"auto\">\u00a0<\/span><br \/>\n<span data-contrast=\"auto\">&#8211; N\u00e5r det er viktige, offentlige arrangementer, kan en oppr<\/span><span data-contrast=\"auto\">ette et arrangement i\u00a0<\/span>f<span data-contrast=\"auto\">acebooksidens<\/span>\u00a0<span data-contrast=\"auto\">navn (f.eks. foredrag i katolsk<\/span><span data-contrast=\"auto\">\u00a0forum, internasjonal dag o.l.)<\/span><span data-contrast=\"auto\"> og mye lettere gj\u00f8re dem kjent for allmenheten.<br \/>\n<\/span>&#8211; De som publiserer p\u00e5 siden, gj\u00f8r det anonymt med sidens offisielle bilde.<br \/>\n<span data-contrast=\"auto\">\u00a0\u00a0<\/span><br \/>\n<span data-contrast=\"auto\">Sogneprest og menighetsr\u00e5d er \u00f8verste ansvarlige for facebooksiden. En redaksjongruppe som ledes av \u00d8yvind Olav Oppeg\u00e5rd har ansvaret for den daglige drift av siden (andre medlemmer er kantor Terese Ranek og redakt\u00f8r for hjemmesiden, Sigurd Hareide). Viktige nyheter fra menighetens hjemmeside tonsberg.katolsk.no vil bli publisert p\u00e5 facebooksiden.\u00a0<strong>Hjemmesiden er fortsatt, sammen med s\u00f8ndagsbladet, menighetens hovedkanal for informasjon til medlemmene. <\/strong><\/span><\/p>\n","protected":false},"excerpt":{"rendered":"<p>Menighetsr\u00e5det har bestemt at St. Olav menighet skal g\u00e5 over fra en intern, lukket facebookgruppe \u2013 slik vi har hatt s\u00e5 langt \u2013 til en \u00e5pen facebookside. Det som publiseres i en intern gruppe kan bare sees av dem som er medlemmer, men p\u00e5 en \u00e5pen side kan alle som bruker internett se det som &hellip; <\/p>\n<p class=\"link-more\"><a href=\"https:\/\/tonsberg.katolsk.no\/index.php\/2020\/06\/29\/ny-facebooklosning-for-st-olav-menighet\/\" class=\"more-link\">Fortsett \u00e5 lese<span class=\"screen-reader-text\"> \u00abNy facebookl\u00f8sning for St. Olav menighet\u00bb<\/span><\/a><\/p>\n","protected":false},"author":2,"featured_media":0,"comment_status":"closed","ping_status":"open","sticky":false,"template":"","format":"standard","meta":{"footnotes":""},"categories":[1],"tags":[],"class_list":["post-1367","post","type-post","status-publish","format-standard","hentry","category-ukategorisert"],"_links":{"self":[{"href":"https:\/\/tonsberg.katolsk.no\/index.php\/wp-json\/wp\/v2\/posts\/1367","targetHints":{"allow":["GET"]}}],"collection":[{"href":"https:\/\/tonsberg.katolsk.no\/index.php\/wp-json\/wp\/v2\/posts"}],"about":[{"href":"https:\/\/tonsberg.katolsk.no\/index.php\/wp-json\/wp\/v2\/types\/post"}],"author":[{"embeddable":true,"href":"https:\/\/tonsberg.katolsk.no\/index.php\/wp-json\/wp\/v2\/users\/2"}],"replies":[{"embeddable":true,"href":"https:\/\/tonsberg.katolsk.no\/index.php\/wp-json\/wp\/v2\/comments?post=1367"}],"version-history":[{"count":3,"href":"https:\/\/tonsberg.katolsk.no\/index.php\/wp-json\/wp\/v2\/posts\/1367\/revisions"}],"predecessor-version":[{"id":1370,"href":"https:\/\/tonsberg.katolsk.no\/index.php\/wp-json\/wp\/v2\/posts\/1367\/revisions\/1370"}],"wp:attachment":[{"href":"https:\/\/tonsberg.katolsk.no\/index.php\/wp-json\/wp\/v2\/media?parent=1367"}],"wp:term":[{"taxonomy":"category","embeddable":true,"href":"https:\/\/tonsberg.katolsk.no\/index.php\/wp-json\/wp\/v2\/categories?post=1367"},{"taxonomy":"post_tag","embeddable":true,"href":"https:\/\/tonsberg.katolsk.no\/index.php\/wp-json\/wp\/v2\/tags?post=1367"}],"curies":[{"name":"wp","href":"https:\/\/api.w.org\/{rel}","templated":true}]}}