{"id":2839,"date":"2023-09-08T14:39:43","date_gmt":"2023-09-08T12:39:43","guid":{"rendered":"http:\/\/tonsberg.katolsk.no\/?p=2839"},"modified":"2023-09-08T14:39:43","modified_gmt":"2023-09-08T12:39:43","slug":"biskop-eidsvig-fyller-70-ar-innsamling-til-ny-st-olav-statue-i-domkirken","status":"publish","type":"post","link":"https:\/\/tonsberg.katolsk.no\/index.php\/2023\/09\/08\/biskop-eidsvig-fyller-70-ar-innsamling-til-ny-st-olav-statue-i-domkirken\/","title":{"rendered":"Biskop Eidsvig fyller 70 \u00e5r &#8211; innsamling til ny St. Olav-statue i domkirken"},"content":{"rendered":"<p>Biskop Bernt Eidsvig fyller 70 \u00e5r 12. september 2023. I den forbindelse er det satt i gang en innsamling til ny statue av St. Olav i domkirken v\u00e5r.<br \/>\nLes mer om saken med intervju av biskopen <a href=\"https:\/\/www.katolsk.no\/nyheter\/2023\/08\/biskop-bernt-jubilerer-ny-olavsstatue-i-domkirken\" target=\"_blank\" rel=\"noopener\">her<\/a>.<br \/>\nG\u00e5 direkte til egen giverside for den nye St. Olav-statuen <a href=\"https:\/\/www4.solidus.no\/SolidusUser\/placeorder\/108A3883-DE80-42FA-8609-D33C923B8D40\" target=\"_blank\" rel=\"noopener\">her<\/a>.<br \/>\nVi oppfordrer alle som har anledning til \u00e5 gi et bidrag!<br \/>\nGratulerer med dagen til biskop Eidsvig!<\/p>\n<figure id=\"attachment_2840\" aria-describedby=\"caption-attachment-2840\" style=\"width: 225px\" class=\"wp-caption alignleft\"><img loading=\"lazy\" decoding=\"async\" class=\"size-medium wp-image-2840\" src=\"https:\/\/tonsberg.katolsk.no\/wp-content\/uploads\/2023\/09\/St.-Olav-statuen-i-T\u00f8nsberg-juli-2020-225x300.jpg\" alt=\"\" width=\"225\" height=\"300\" srcset=\"https:\/\/tonsberg.katolsk.no\/wp-content\/uploads\/2023\/09\/St.-Olav-statuen-i-T\u00f8nsberg-juli-2020-225x300.jpg 225w, https:\/\/tonsberg.katolsk.no\/wp-content\/uploads\/2023\/09\/St.-Olav-statuen-i-T\u00f8nsberg-juli-2020.jpg 660w\" sizes=\"auto, (max-width: 225px) 100vw, 225px\" \/><figcaption id=\"caption-attachment-2840\" class=\"wp-caption-text\">V\u00e5r egen St. Olav i T\u00f8nsberg<\/figcaption><\/figure>\n","protected":false},"excerpt":{"rendered":"<p>Biskop Bernt Eidsvig fyller 70 \u00e5r 12. september 2023. I den forbindelse er det satt i gang en innsamling til ny statue av St. Olav i domkirken v\u00e5r. Les mer om saken med intervju av biskopen her. G\u00e5 direkte til egen giverside for den nye St. Olav-statuen her. Vi oppfordrer alle som har anledning til &hellip; <\/p>\n<p class=\"link-more\"><a href=\"https:\/\/tonsberg.katolsk.no\/index.php\/2023\/09\/08\/biskop-eidsvig-fyller-70-ar-innsamling-til-ny-st-olav-statue-i-domkirken\/\" class=\"more-link\">Fortsett \u00e5 lese<span class=\"screen-reader-text\"> \u00abBiskop Eidsvig fyller 70 \u00e5r &#8211; innsamling til ny St. Olav-statue i domkirken\u00bb<\/span><\/a><\/p>\n","protected":false},"author":2,"featured_media":0,"comment_status":"closed","ping_status":"open","sticky":false,"template":"","format":"standard","meta":{"footnotes":""},"categories":[1],"tags":[],"class_list":["post-2839","post","type-post","status-publish","format-standard","hentry","category-ukategorisert"],"_links":{"self":[{"href":"https:\/\/tonsberg.katolsk.no\/index.php\/wp-json\/wp\/v2\/posts\/2839","targetHints":{"allow":["GET"]}}],"collection":[{"href":"https:\/\/tonsberg.katolsk.no\/index.php\/wp-json\/wp\/v2\/posts"}],"about":[{"href":"https:\/\/tonsberg.katolsk.no\/index.php\/wp-json\/wp\/v2\/types\/post"}],"author":[{"embeddable":true,"href":"https:\/\/tonsberg.katolsk.no\/index.php\/wp-json\/wp\/v2\/users\/2"}],"replies":[{"embeddable":true,"href":"https:\/\/tonsberg.katolsk.no\/index.php\/wp-json\/wp\/v2\/comments?post=2839"}],"version-history":[{"count":1,"href":"https:\/\/tonsberg.katolsk.no\/index.php\/wp-json\/wp\/v2\/posts\/2839\/revisions"}],"predecessor-version":[{"id":2841,"href":"https:\/\/tonsberg.katolsk.no\/index.php\/wp-json\/wp\/v2\/posts\/2839\/revisions\/2841"}],"wp:attachment":[{"href":"https:\/\/tonsberg.katolsk.no\/index.php\/wp-json\/wp\/v2\/media?parent=2839"}],"wp:term":[{"taxonomy":"category","embeddable":true,"href":"https:\/\/tonsberg.katolsk.no\/index.php\/wp-json\/wp\/v2\/categories?post=2839"},{"taxonomy":"post_tag","embeddable":true,"href":"https:\/\/tonsberg.katolsk.no\/index.php\/wp-json\/wp\/v2\/tags?post=2839"}],"curies":[{"name":"wp","href":"https:\/\/api.w.org\/{rel}","templated":true}]}}