{"id":3240,"date":"2024-08-05T09:44:21","date_gmt":"2024-08-05T07:44:21","guid":{"rendered":"https:\/\/tonsberg.katolsk.no\/?p=3240"},"modified":"2024-08-05T09:51:40","modified_gmt":"2024-08-05T07:51:40","slug":"messetider-for-august-2024","status":"publish","type":"post","link":"https:\/\/tonsberg.katolsk.no\/index.php\/2024\/08\/05\/messetider-for-august-2024\/","title":{"rendered":"Messetider for august 2024"},"content":{"rendered":"\n<p>(informasjon om bruk av r\u00f8kelse vil midlertidig bli gitt p\u00e5 Facebook-siden)<br>1\u00a0\u00a0\u00a0\u00a0\u00a0\u00a0\u00a0\u00a0 to\u00a0\u00a0\u00a0\u00a0\u00a0\u00a0\u00a0 Messe kl. 18<\/p>\n\n\n\n<p>2&nbsp;&nbsp;&nbsp;&nbsp;&nbsp;&nbsp;&nbsp;&nbsp; fr&nbsp;&nbsp;&nbsp;&nbsp;&nbsp;&nbsp;&nbsp;&nbsp; Messe kl. 18 m\/sakramentstilbedelse etterp\u00e5<\/p>\n\n\n\n<p>3&nbsp;&nbsp;&nbsp;&nbsp;&nbsp;&nbsp;&nbsp;&nbsp; l\u00f8&nbsp;&nbsp;&nbsp;&nbsp;&nbsp;&nbsp;&nbsp; <em>S\u00f8ndagsmesse kl. 18<\/em><br><strong><u>4&nbsp;&nbsp;&nbsp;&nbsp;&nbsp;&nbsp;&nbsp;&nbsp; s\u00f8&nbsp;&nbsp;&nbsp;&nbsp;&nbsp;&nbsp; 18. s\u00f8ndag i det alminnelige kirke\u00e5r<\/u><\/strong> <br><em>[NB! <u>Ikke<\/u> messe p\u00e5 polsk f\u00f8r september]&nbsp;&nbsp;&nbsp;&nbsp;&nbsp;&nbsp;&nbsp;&nbsp;&nbsp;&nbsp;&nbsp;&nbsp; &nbsp;&nbsp;&nbsp;&nbsp;&nbsp;&nbsp;&nbsp;&nbsp;&nbsp;&nbsp;&nbsp;&nbsp;&nbsp;&nbsp;&nbsp;&nbsp;&nbsp;&nbsp;&nbsp;&nbsp;&nbsp;&nbsp; &nbsp;&nbsp;&nbsp;&nbsp;&nbsp;&nbsp;&nbsp;&nbsp;&nbsp;&nbsp;&nbsp;&nbsp;&nbsp;&nbsp;&nbsp;&nbsp;&nbsp;&nbsp;&nbsp;&nbsp;&nbsp;&nbsp;&nbsp; <\/em><br><em>11.00 H\u00f8ymesse p\u00e5 norsk &nbsp;&nbsp;&nbsp;&nbsp;&nbsp;&nbsp;&nbsp;&nbsp;&nbsp;&nbsp;&nbsp;&nbsp;&nbsp;&nbsp;&nbsp;&nbsp;&nbsp;&nbsp;&nbsp;&nbsp;&nbsp;&nbsp;&nbsp;&nbsp;&nbsp;&nbsp;&nbsp;&nbsp;&nbsp;&nbsp;&nbsp;&nbsp;&nbsp;&nbsp;&nbsp;&nbsp;&nbsp;&nbsp;&nbsp;&nbsp;&nbsp;&nbsp;&nbsp;&nbsp;&nbsp;&nbsp;&nbsp;&nbsp;&nbsp;&nbsp;&nbsp;&nbsp;&nbsp;&nbsp;&nbsp;&nbsp;&nbsp;&nbsp;&nbsp;&nbsp;&nbsp;&nbsp;&nbsp;&nbsp;&nbsp;<\/em><\/p>\n\n\n\n<p>5&nbsp;&nbsp;&nbsp;&nbsp;&nbsp;&nbsp;&nbsp;&nbsp; ma&nbsp;&nbsp;&nbsp;&nbsp; Messe kl. 08 i St. Elisabeths\u00f8strenes kapell<\/p>\n\n\n\n<p>6&nbsp;&nbsp;&nbsp;&nbsp;&nbsp;&nbsp;&nbsp;&nbsp; ti&nbsp;&nbsp;&nbsp;&nbsp;&nbsp;&nbsp;&nbsp;&nbsp; <strong>Herrens forklarelse:<\/strong> Messe kl. 18<\/p>\n\n\n\n<p>7&nbsp;&nbsp;&nbsp;&nbsp;&nbsp;&nbsp;&nbsp;&nbsp; on&nbsp;&nbsp;&nbsp;&nbsp;&nbsp; Messe kl. 08 i St. Elisabeths\u00f8strenes kapell<\/p>\n\n\n\n<p>8&nbsp;&nbsp;&nbsp;&nbsp;&nbsp;&nbsp;&nbsp;&nbsp; to&nbsp;&nbsp;&nbsp;&nbsp;&nbsp;&nbsp;&nbsp; Messe kl. 18<\/p>\n\n\n\n<p>9&nbsp;&nbsp;&nbsp;&nbsp;&nbsp;&nbsp;&nbsp;&nbsp; fr&nbsp;&nbsp;&nbsp;&nbsp;&nbsp;&nbsp;&nbsp;&nbsp; <strong>Den hl. Teresa Benedikta av korset (Edith Stein) \u2013 vernehelgen for Europa:<\/strong> Messe kl. 18 m\/sakramentstilbedelse etterp\u00e5<\/p>\n\n\n\n<p>10&nbsp;&nbsp;&nbsp;&nbsp;&nbsp;&nbsp; l\u00f8&nbsp;&nbsp;&nbsp;&nbsp;&nbsp;&nbsp;&nbsp; Den hl. Laurentius \u2013 diakon og martyr,<em> s\u00f8ndagsmesse kl. 18<br><\/em><strong><u>11&nbsp;&nbsp;&nbsp;&nbsp;&nbsp;&nbsp; s\u00f8&nbsp;&nbsp;&nbsp;&nbsp;&nbsp;&nbsp; 19. s\u00f8ndag i det alminnelige kirke\u00e5r<\/u><\/strong> <br><em>11.00 H\u00f8ymesse p\u00e5 norsk &nbsp;&nbsp;&nbsp;&nbsp;&nbsp;&nbsp;&nbsp;&nbsp;&nbsp;&nbsp;&nbsp;&nbsp;&nbsp;&nbsp;&nbsp;&nbsp;&nbsp;&nbsp;&nbsp;&nbsp;&nbsp;&nbsp;&nbsp;&nbsp;&nbsp;&nbsp;&nbsp;&nbsp;&nbsp;&nbsp;&nbsp;&nbsp;&nbsp;&nbsp;&nbsp;&nbsp;&nbsp;&nbsp;&nbsp;&nbsp;&nbsp;&nbsp;&nbsp;&nbsp;&nbsp;&nbsp;&nbsp;&nbsp;&nbsp;&nbsp;&nbsp;&nbsp;&nbsp;&nbsp;&nbsp;&nbsp;&nbsp;&nbsp;&nbsp;&nbsp;&nbsp;&nbsp;&nbsp;&nbsp;&nbsp;&nbsp;&nbsp;&nbsp;&nbsp;&nbsp;&nbsp;&nbsp;&nbsp;&nbsp;&nbsp;&nbsp; &nbsp;&nbsp;&nbsp;&nbsp;&nbsp;&nbsp;&nbsp;&nbsp;&nbsp;&nbsp;&nbsp; <\/em><br><em>13.00 Messe p\u00e5 filippinsk\/engelsk<\/em><\/p>\n\n\n\n<p>12&nbsp;&nbsp;&nbsp;&nbsp;&nbsp;&nbsp; ma&nbsp;&nbsp;&nbsp;&nbsp; Messe kl. 08 i St. Elisabeths\u00f8strenes kapell<\/p>\n\n\n\n<p>13&nbsp;&nbsp;&nbsp;&nbsp;&nbsp;&nbsp; ti&nbsp;&nbsp;&nbsp;&nbsp;&nbsp;&nbsp;&nbsp;&nbsp; Messe kl. 18<\/p>\n\n\n\n<p>14&nbsp;&nbsp;&nbsp;&nbsp;&nbsp;&nbsp; on&nbsp;&nbsp;&nbsp;&nbsp;&nbsp; Messe kl. 08 i St. Elisabeths\u00f8strenes kapell<\/p>\n\n\n\n<p>15&nbsp;&nbsp;&nbsp;&nbsp;&nbsp;&nbsp; to&nbsp;&nbsp;&nbsp;&nbsp;&nbsp;&nbsp;&nbsp; <strong>Jomfru Marias opptagelse i himmelen: <\/strong>H\u00f8ymesse kl. 18<\/p>\n\n\n\n<p>16&nbsp;&nbsp;&nbsp;&nbsp;&nbsp;&nbsp; fr&nbsp;&nbsp;&nbsp;&nbsp;&nbsp;&nbsp;&nbsp;&nbsp; Messe kl. 18 m\/sakramentstilbedelse etterp\u00e5<\/p>\n\n\n\n<p>17&nbsp;&nbsp;&nbsp;&nbsp;&nbsp;&nbsp; l\u00f8&nbsp;&nbsp;&nbsp;&nbsp;&nbsp;&nbsp;&nbsp; <em>S\u00f8ndagsmesse kl. 18<br><\/em><strong><u>18&nbsp;&nbsp;&nbsp;&nbsp;&nbsp;&nbsp; s\u00f8&nbsp;&nbsp;&nbsp;&nbsp;&nbsp;&nbsp; 20. s\u00f8ndag i det alminnelige kirke\u00e5r<\/u><\/strong> <br><em>11.00 H\u00f8ymesse p\u00e5 norsk &nbsp;&nbsp;&nbsp;&nbsp;&nbsp;&nbsp;&nbsp;&nbsp;&nbsp;&nbsp;&nbsp;&nbsp;&nbsp;&nbsp;&nbsp;&nbsp;&nbsp;&nbsp;&nbsp;&nbsp;&nbsp;&nbsp;&nbsp;&nbsp;&nbsp;&nbsp;&nbsp;&nbsp;&nbsp;&nbsp;&nbsp;&nbsp;&nbsp;&nbsp;&nbsp;&nbsp;&nbsp;&nbsp;&nbsp;&nbsp;&nbsp;&nbsp;&nbsp;&nbsp;&nbsp;&nbsp;&nbsp;&nbsp;&nbsp;&nbsp;&nbsp;&nbsp;&nbsp;&nbsp;&nbsp;&nbsp;&nbsp;&nbsp;&nbsp;&nbsp;&nbsp;&nbsp;&nbsp;&nbsp;&nbsp;&nbsp;&nbsp;&nbsp;&nbsp;&nbsp;&nbsp;&nbsp;&nbsp;&nbsp;&nbsp;&nbsp; &nbsp;&nbsp;&nbsp;&nbsp;&nbsp;&nbsp;&nbsp;&nbsp;&nbsp;&nbsp;&nbsp; <\/em><br><em>13.30 Messe p\u00e5 vietnamesisk<\/em><\/p>\n\n\n\n<p>19&nbsp;&nbsp;&nbsp;&nbsp;&nbsp;&nbsp; ma&nbsp;&nbsp;&nbsp;&nbsp; Messe kl. 08 i St. Elisabeths\u00f8strenes kapell<\/p>\n\n\n\n<p>20&nbsp;&nbsp;&nbsp;&nbsp;&nbsp;&nbsp; ti&nbsp;&nbsp;&nbsp;&nbsp;&nbsp;&nbsp;&nbsp;&nbsp; Messe kl. 18<\/p>\n\n\n\n<p>21&nbsp;&nbsp;&nbsp;&nbsp;&nbsp;&nbsp; on&nbsp;&nbsp;&nbsp;&nbsp;&nbsp; Messe kl. 08 i St. Elisabeths\u00f8strenes kapell<\/p>\n\n\n\n<p>22&nbsp;&nbsp;&nbsp;&nbsp;&nbsp;&nbsp; to&nbsp;&nbsp;&nbsp;&nbsp;&nbsp;&nbsp;&nbsp; Messe kl. 18<\/p>\n\n\n\n<p>23&nbsp;&nbsp;&nbsp;&nbsp;&nbsp;&nbsp; fr&nbsp;&nbsp;&nbsp;&nbsp;&nbsp;&nbsp;&nbsp;&nbsp; Messe kl. 18 m\/sakramentstilbedelse etterp\u00e5<\/p>\n\n\n\n<p>24&nbsp;&nbsp;&nbsp;&nbsp;&nbsp;&nbsp; l\u00f8&nbsp;&nbsp;&nbsp;&nbsp;&nbsp;&nbsp;&nbsp; Den hl. Bartolomeus \u2013 apostel,<em> s\u00f8ndagsmesse kl. 18<br><\/em><strong><u>25&nbsp;&nbsp;&nbsp;&nbsp;&nbsp;&nbsp; s\u00f8&nbsp;&nbsp;&nbsp;&nbsp;&nbsp;&nbsp; 21. s\u00f8ndag i det alminnelige kirke\u00e5r<\/u><\/strong> <br><em>11.00 H\u00f8ymesse p\u00e5 norsk &nbsp;&nbsp;&nbsp;&nbsp;&nbsp;&nbsp;&nbsp;&nbsp;&nbsp;&nbsp;&nbsp;&nbsp;&nbsp;&nbsp;&nbsp;&nbsp;&nbsp;&nbsp;&nbsp;&nbsp;&nbsp;&nbsp;&nbsp;&nbsp;&nbsp;&nbsp;&nbsp;&nbsp;&nbsp;&nbsp;&nbsp;&nbsp;&nbsp;&nbsp;&nbsp;&nbsp;&nbsp;&nbsp;&nbsp;&nbsp;&nbsp;&nbsp;&nbsp;&nbsp;&nbsp;&nbsp;&nbsp;&nbsp;&nbsp;&nbsp;&nbsp;&nbsp;&nbsp;&nbsp;&nbsp;&nbsp;&nbsp;&nbsp;&nbsp;&nbsp;&nbsp;&nbsp;&nbsp;&nbsp;<\/em><\/p>\n\n\n\n<p><em>NB! Det er <u>ikke<\/u> messefeiring mandag 26. til og med l\u00f8rdag 31. august.<\/em><\/p>\n\n\n\n<p><strong>SEPTEMBER<\/strong><br><strong><u>S\u00f8ndag 1. september \u2013 22. s\u00f8ndag i det alminnelige kirke\u00e5r<\/u><\/strong> <br><em>11.00 H\u00f8ymesse p\u00e5 norsk<\/em><strong>&nbsp; <\/strong>(barne- og familiemesse)<\/p>\n\n\n\n<p><em>NB! Det er <u>ikke<\/u> messefeiring mandag 2. til og med fredag 5. september. L\u00f8rdag 6. september er det s\u00f8ndagsmesse kl. 18 som vanlig.<\/em><\/p>\n\n\n\n<p><em>N\u00e6rmere informasjon om <strong>messer p\u00e5 polsk<\/strong> kommer etter hvert p\u00e5 menighetens hjemmeside, <\/em><a href=\"https:\/\/tonsberg.katolsk.no\/\">tonsberg.katolsk.no<\/a><em>&nbsp;&nbsp;<\/em><\/p>\n","protected":false},"excerpt":{"rendered":"<p>(informasjon om bruk av r\u00f8kelse vil midlertidig bli gitt p\u00e5 Facebook-siden)1\u00a0\u00a0\u00a0\u00a0\u00a0\u00a0\u00a0\u00a0 to\u00a0\u00a0\u00a0\u00a0\u00a0\u00a0\u00a0 Messe kl. 18 2&nbsp;&nbsp;&nbsp;&nbsp;&nbsp;&nbsp;&nbsp;&nbsp; fr&nbsp;&nbsp;&nbsp;&nbsp;&nbsp;&nbsp;&nbsp;&nbsp; Messe kl. 18 m\/sakramentstilbedelse etterp\u00e5 3&nbsp;&nbsp;&nbsp;&nbsp;&nbsp;&nbsp;&nbsp;&nbsp; l\u00f8&nbsp;&nbsp;&nbsp;&nbsp;&nbsp;&nbsp;&nbsp; S\u00f8ndagsmesse kl. 184&nbsp;&nbsp;&nbsp;&nbsp;&nbsp;&nbsp;&nbsp;&nbsp; s\u00f8&nbsp;&nbsp;&nbsp;&nbsp;&nbsp;&nbsp; 18. s\u00f8ndag i det alminnelige kirke\u00e5r [NB! Ikke messe p\u00e5 polsk f\u00f8r september]&nbsp;&nbsp;&nbsp;&nbsp;&nbsp;&nbsp;&nbsp;&nbsp;&nbsp;&nbsp;&nbsp;&nbsp; &nbsp;&nbsp;&nbsp;&nbsp;&nbsp;&nbsp;&nbsp;&nbsp;&nbsp;&nbsp;&nbsp;&nbsp;&nbsp;&nbsp;&nbsp;&nbsp;&nbsp;&nbsp;&nbsp;&nbsp;&nbsp;&nbsp; &nbsp;&nbsp;&nbsp;&nbsp;&nbsp;&nbsp;&nbsp;&nbsp;&nbsp;&nbsp;&nbsp;&nbsp;&nbsp;&nbsp;&nbsp;&nbsp;&nbsp;&nbsp;&nbsp;&nbsp;&nbsp;&nbsp;&nbsp; 11.00 H\u00f8ymesse p\u00e5 norsk &nbsp;&nbsp;&nbsp;&nbsp;&nbsp;&nbsp;&nbsp;&nbsp;&nbsp;&nbsp;&nbsp;&nbsp;&nbsp;&nbsp;&nbsp;&nbsp;&nbsp;&nbsp;&nbsp;&nbsp;&nbsp;&nbsp;&nbsp;&nbsp;&nbsp;&nbsp;&nbsp;&nbsp;&nbsp;&nbsp;&nbsp;&nbsp;&nbsp;&nbsp;&nbsp;&nbsp;&nbsp;&nbsp;&nbsp;&nbsp;&nbsp;&nbsp;&nbsp;&nbsp;&nbsp;&nbsp;&nbsp;&nbsp;&nbsp;&nbsp;&nbsp;&nbsp;&nbsp;&nbsp;&nbsp;&nbsp;&nbsp;&nbsp;&nbsp;&nbsp;&nbsp;&nbsp;&nbsp;&nbsp;&nbsp; 5&nbsp;&nbsp;&nbsp;&nbsp;&nbsp;&nbsp;&nbsp;&nbsp; ma&nbsp;&nbsp;&nbsp;&nbsp; Messe kl. 08 i St. &hellip; <\/p>\n<p class=\"link-more\"><a href=\"https:\/\/tonsberg.katolsk.no\/index.php\/2024\/08\/05\/messetider-for-august-2024\/\" class=\"more-link\">Fortsett \u00e5 lese<span class=\"screen-reader-text\"> \u00abMessetider for august 2024\u00bb<\/span><\/a><\/p>\n","protected":false},"author":2,"featured_media":0,"comment_status":"closed","ping_status":"open","sticky":false,"template":"","format":"standard","meta":{"footnotes":""},"categories":[1],"tags":[],"class_list":["post-3240","post","type-post","status-publish","format-standard","hentry","category-ukategorisert"],"_links":{"self":[{"href":"https:\/\/tonsberg.katolsk.no\/index.php\/wp-json\/wp\/v2\/posts\/3240","targetHints":{"allow":["GET"]}}],"collection":[{"href":"https:\/\/tonsberg.katolsk.no\/index.php\/wp-json\/wp\/v2\/posts"}],"about":[{"href":"https:\/\/tonsberg.katolsk.no\/index.php\/wp-json\/wp\/v2\/types\/post"}],"author":[{"embeddable":true,"href":"https:\/\/tonsberg.katolsk.no\/index.php\/wp-json\/wp\/v2\/users\/2"}],"replies":[{"embeddable":true,"href":"https:\/\/tonsberg.katolsk.no\/index.php\/wp-json\/wp\/v2\/comments?post=3240"}],"version-history":[{"count":7,"href":"https:\/\/tonsberg.katolsk.no\/index.php\/wp-json\/wp\/v2\/posts\/3240\/revisions"}],"predecessor-version":[{"id":3248,"href":"https:\/\/tonsberg.katolsk.no\/index.php\/wp-json\/wp\/v2\/posts\/3240\/revisions\/3248"}],"wp:attachment":[{"href":"https:\/\/tonsberg.katolsk.no\/index.php\/wp-json\/wp\/v2\/media?parent=3240"}],"wp:term":[{"taxonomy":"category","embeddable":true,"href":"https:\/\/tonsberg.katolsk.no\/index.php\/wp-json\/wp\/v2\/categories?post=3240"},{"taxonomy":"post_tag","embeddable":true,"href":"https:\/\/tonsberg.katolsk.no\/index.php\/wp-json\/wp\/v2\/tags?post=3240"}],"curies":[{"name":"wp","href":"https:\/\/api.w.org\/{rel}","templated":true}]}}